{"id":1440,"date":"2019-09-27T10:09:37","date_gmt":"2019-09-27T08:09:37","guid":{"rendered":"https:\/\/www.grundschule-hooksiel.de\/wordpress\/?p=1440"},"modified":"2019-09-27T10:10:03","modified_gmt":"2019-09-27T08:10:03","slug":"neue-schulkueche","status":"publish","type":"post","link":"https:\/\/www.grundschule-hooksiel.de\/wordpress\/2019\/09\/27\/neue-schulkueche\/","title":{"rendered":"Neue Schulk\u00fcche"},"content":{"rendered":"\n<p>Unmittelbar nach den Sommerferien begann der Einbau unserer neuen Schulk\u00fcche. Wir sind nun im Besitz einer modernen Schulk\u00fcche mit ausreichend Arbeitsfl\u00e4che und mehreren Kochpl\u00e4tzen f\u00fcr die Kinder. Vielen Dank an die Gemeinde Wangerland und den F\u00f6rderverein f\u00fcr die gute Zusammenarbeit und die Finanzierung dieser sch\u00f6nen K\u00fcche, die nun oft und gerne von den Klassen genutzt wird.<\/p>\n\n\n\n<figure class=\"wp-block-image is-resized\"><img loading=\"lazy\" decoding=\"async\" src=\"https:\/\/www.grundschule-hooksiel.de\/wordpress\/wp-content\/uploads\/2019\/09\/K\u00fcche.jpg\" alt=\"\" class=\"wp-image-1441\" width=\"800\" height=\"600\" srcset=\"https:\/\/www.grundschule-hooksiel.de\/wordpress\/wp-content\/uploads\/2019\/09\/K\u00fcche.jpg 1600w, https:\/\/www.grundschule-hooksiel.de\/wordpress\/wp-content\/uploads\/2019\/09\/K\u00fcche-300x225.jpg 300w, https:\/\/www.grundschule-hooksiel.de\/wordpress\/wp-content\/uploads\/2019\/09\/K\u00fcche-768x576.jpg 768w, https:\/\/www.grundschule-hooksiel.de\/wordpress\/wp-content\/uploads\/2019\/09\/K\u00fcche-1024x768.jpg 1024w\" sizes=\"auto, (max-width: 800px) 100vw, 800px\" \/><\/figure>\n","protected":false},"excerpt":{"rendered":"<p>Unmittelbar nach den Sommerferien begann der Einbau unserer neuen Schulk\u00fcche. Wir sind nun im Besitz einer modernen Schulk\u00fcche mit ausreichend Arbeitsfl\u00e4che und mehreren Kochpl\u00e4tzen f\u00fcr die Kinder. Vielen Dank an die Gemeinde Wangerland und den F\u00f6rderverein f\u00fcr die gute Zusammenarbeit und die Finanzierung dieser sch\u00f6nen K\u00fcche, die nun oft und gerne von den Klassen genutzt &hellip; <\/p>\n<p><a class=\"more-link btn\" href=\"https:\/\/www.grundschule-hooksiel.de\/wordpress\/2019\/09\/27\/neue-schulkueche\/\">Weiterlesen<\/a><\/p>\n","protected":false},"author":1,"featured_media":0,"comment_status":"closed","ping_status":"closed","sticky":false,"template":"","format":"standard","meta":{"ngg_post_thumbnail":0,"footnotes":""},"categories":[1],"tags":[],"class_list":["post-1440","post","type-post","status-publish","format-standard","hentry","category-allgemein","nodate","item-wrap"],"_links":{"self":[{"href":"https:\/\/www.grundschule-hooksiel.de\/wordpress\/wp-json\/wp\/v2\/posts\/1440","targetHints":{"allow":["GET"]}}],"collection":[{"href":"https:\/\/www.grundschule-hooksiel.de\/wordpress\/wp-json\/wp\/v2\/posts"}],"about":[{"href":"https:\/\/www.grundschule-hooksiel.de\/wordpress\/wp-json\/wp\/v2\/types\/post"}],"author":[{"embeddable":true,"href":"https:\/\/www.grundschule-hooksiel.de\/wordpress\/wp-json\/wp\/v2\/users\/1"}],"replies":[{"embeddable":true,"href":"https:\/\/www.grundschule-hooksiel.de\/wordpress\/wp-json\/wp\/v2\/comments?post=1440"}],"version-history":[{"count":3,"href":"https:\/\/www.grundschule-hooksiel.de\/wordpress\/wp-json\/wp\/v2\/posts\/1440\/revisions"}],"predecessor-version":[{"id":1444,"href":"https:\/\/www.grundschule-hooksiel.de\/wordpress\/wp-json\/wp\/v2\/posts\/1440\/revisions\/1444"}],"wp:attachment":[{"href":"https:\/\/www.grundschule-hooksiel.de\/wordpress\/wp-json\/wp\/v2\/media?parent=1440"}],"wp:term":[{"taxonomy":"category","embeddable":true,"href":"https:\/\/www.grundschule-hooksiel.de\/wordpress\/wp-json\/wp\/v2\/categories?post=1440"},{"taxonomy":"post_tag","embeddable":true,"href":"https:\/\/www.grundschule-hooksiel.de\/wordpress\/wp-json\/wp\/v2\/tags?post=1440"}],"curies":[{"name":"wp","href":"https:\/\/api.w.org\/{rel}","templated":true}]}}