{"id":2030,"date":"2023-12-17T17:07:51","date_gmt":"2023-12-17T16:07:51","guid":{"rendered":"https:\/\/www.grundschule-hooksiel.de\/wordpress\/?p=2030"},"modified":"2023-12-17T17:07:51","modified_gmt":"2023-12-17T16:07:51","slug":"oh-tannenbaum-oh-tannenbaum","status":"publish","type":"post","link":"https:\/\/www.grundschule-hooksiel.de\/wordpress\/2023\/12\/17\/oh-tannenbaum-oh-tannenbaum\/","title":{"rendered":"Oh Tannenbaum, Oh Tannenbaum"},"content":{"rendered":"\n<p>Seit Jahren ist es eine sch\u00f6ne Tradition: Jeden Morgen im Advent trifft sich die gesamte Sch\u00fclerschaft mit ihren Lehrern und Lehrerinnen im Foyer der Grundschule, um gemeinsam zu singen und einer Darbietung der einzelnen Klassen zu lauschen. Neu ist dieses Jahr der gro\u00dfe Weihnachtsbaum, der anstelle des \u00fcblichen Adventskranzes aufgestellt wurde. Als Gemeinschaftsprojekt aller Sch\u00fcler und Sch\u00fclerinnen verbreitet der Baum, der bereits am fr\u00fchen Morgen das dunkle Foyer erleuchtet, seinen Glanz und l\u00e4sst die Augen der Kinder erstrahlen, wenn sie vor ihm stehen und ihren Baumschmuck gefunden haben. Stolz und achtsam stehen selbst die Kleinsten davor und sorgen daf\u00fcr, dass niemand einen Schulranzen auf das Plateau &#8222;IHRES&#8220; Baumes stellt und er wom\u00f6glich Schaden nehmen k\u00f6nnte. &gt; Gemeinschaftlich wurde die Tanne in der letzten Novemberwoche von allen Kindern der Grundschule geschm\u00fcckt. Frau Kuck half dabei, den Baumschmuck, den jedes Kind mitgebracht hatte, am Tannenbaum zu befestigen. Auch in der Mensa erstrahlt ein Weihnachtsbaum in voller Pracht und verbreitet weihnachtliche Atmosph\u00e4re. Ein gro\u00dfes Dankesch\u00f6n an dieser Stelle allen Spendern und Spenderinnen f\u00fcr die Lichterketten und den Christbaumschmuck sowie der Gemeinde Wangerland f\u00fcr die Tannenb\u00e4ume!<\/p>\n\n\n\n<figure class=\"wp-block-gallery has-nested-images columns-default is-cropped wp-block-gallery-1 is-layout-flex wp-block-gallery-is-layout-flex\">\n<figure class=\"wp-block-image size-large\"><a href=\"https:\/\/www.grundschule-hooksiel.de\/wordpress\/wp-content\/uploads\/2023\/12\/IMG_1561-1-scaled.jpeg\"><img loading=\"lazy\" decoding=\"async\" width=\"768\" height=\"1024\" data-id=\"2033\" src=\"https:\/\/www.grundschule-hooksiel.de\/wordpress\/wp-content\/uploads\/2023\/12\/IMG_1561-1-768x1024.jpeg\" alt=\"\" class=\"wp-image-2033\" srcset=\"https:\/\/www.grundschule-hooksiel.de\/wordpress\/wp-content\/uploads\/2023\/12\/IMG_1561-1-768x1024.jpeg 768w, https:\/\/www.grundschule-hooksiel.de\/wordpress\/wp-content\/uploads\/2023\/12\/IMG_1561-1-225x300.jpeg 225w, https:\/\/www.grundschule-hooksiel.de\/wordpress\/wp-content\/uploads\/2023\/12\/IMG_1561-1-1152x1536.jpeg 1152w, https:\/\/www.grundschule-hooksiel.de\/wordpress\/wp-content\/uploads\/2023\/12\/IMG_1561-1-1536x2048.jpeg 1536w, https:\/\/www.grundschule-hooksiel.de\/wordpress\/wp-content\/uploads\/2023\/12\/IMG_1561-1-903x1204.jpeg 903w, https:\/\/www.grundschule-hooksiel.de\/wordpress\/wp-content\/uploads\/2023\/12\/IMG_1561-1-scaled.jpeg 1920w\" sizes=\"auto, (max-width: 768px) 100vw, 768px\" \/><\/a><\/figure>\n\n\n\n<figure class=\"wp-block-image size-large\"><a href=\"https:\/\/www.grundschule-hooksiel.de\/wordpress\/wp-content\/uploads\/2023\/12\/IMG_1563-scaled.jpeg\"><img loading=\"lazy\" decoding=\"async\" width=\"1024\" height=\"768\" data-id=\"2032\" src=\"https:\/\/www.grundschule-hooksiel.de\/wordpress\/wp-content\/uploads\/2023\/12\/IMG_1563-1024x768.jpeg\" alt=\"\" class=\"wp-image-2032\" srcset=\"https:\/\/www.grundschule-hooksiel.de\/wordpress\/wp-content\/uploads\/2023\/12\/IMG_1563-1024x768.jpeg 1024w, https:\/\/www.grundschule-hooksiel.de\/wordpress\/wp-content\/uploads\/2023\/12\/IMG_1563-300x225.jpeg 300w, https:\/\/www.grundschule-hooksiel.de\/wordpress\/wp-content\/uploads\/2023\/12\/IMG_1563-768x576.jpeg 768w, https:\/\/www.grundschule-hooksiel.de\/wordpress\/wp-content\/uploads\/2023\/12\/IMG_1563-1536x1152.jpeg 1536w, https:\/\/www.grundschule-hooksiel.de\/wordpress\/wp-content\/uploads\/2023\/12\/IMG_1563-2048x1536.jpeg 2048w, https:\/\/www.grundschule-hooksiel.de\/wordpress\/wp-content\/uploads\/2023\/12\/IMG_1563-903x677.jpeg 903w\" sizes=\"auto, (max-width: 1024px) 100vw, 1024px\" \/><\/a><\/figure>\n<\/figure>\n","protected":false},"excerpt":{"rendered":"<p>Seit Jahren ist es eine sch\u00f6ne Tradition: Jeden Morgen im Advent trifft sich die gesamte Sch\u00fclerschaft mit ihren Lehrern und Lehrerinnen im Foyer der Grundschule, um gemeinsam zu singen und einer Darbietung der einzelnen Klassen zu lauschen. Neu ist dieses Jahr der gro\u00dfe Weihnachtsbaum, der anstelle des \u00fcblichen Adventskranzes aufgestellt wurde. Als Gemeinschaftsprojekt aller Sch\u00fcler &hellip; <\/p>\n<p><a class=\"more-link btn\" href=\"https:\/\/www.grundschule-hooksiel.de\/wordpress\/2023\/12\/17\/oh-tannenbaum-oh-tannenbaum\/\">Weiterlesen<\/a><\/p>\n","protected":false},"author":1,"featured_media":2032,"comment_status":"closed","ping_status":"closed","sticky":false,"template":"","format":"standard","meta":{"ngg_post_thumbnail":0,"footnotes":""},"categories":[1],"tags":[],"class_list":["post-2030","post","type-post","status-publish","format-standard","has-post-thumbnail","hentry","category-allgemein","nodate","item-wrap"],"_links":{"self":[{"href":"https:\/\/www.grundschule-hooksiel.de\/wordpress\/wp-json\/wp\/v2\/posts\/2030","targetHints":{"allow":["GET"]}}],"collection":[{"href":"https:\/\/www.grundschule-hooksiel.de\/wordpress\/wp-json\/wp\/v2\/posts"}],"about":[{"href":"https:\/\/www.grundschule-hooksiel.de\/wordpress\/wp-json\/wp\/v2\/types\/post"}],"author":[{"embeddable":true,"href":"https:\/\/www.grundschule-hooksiel.de\/wordpress\/wp-json\/wp\/v2\/users\/1"}],"replies":[{"embeddable":true,"href":"https:\/\/www.grundschule-hooksiel.de\/wordpress\/wp-json\/wp\/v2\/comments?post=2030"}],"version-history":[{"count":1,"href":"https:\/\/www.grundschule-hooksiel.de\/wordpress\/wp-json\/wp\/v2\/posts\/2030\/revisions"}],"predecessor-version":[{"id":2034,"href":"https:\/\/www.grundschule-hooksiel.de\/wordpress\/wp-json\/wp\/v2\/posts\/2030\/revisions\/2034"}],"wp:featuredmedia":[{"embeddable":true,"href":"https:\/\/www.grundschule-hooksiel.de\/wordpress\/wp-json\/wp\/v2\/media\/2032"}],"wp:attachment":[{"href":"https:\/\/www.grundschule-hooksiel.de\/wordpress\/wp-json\/wp\/v2\/media?parent=2030"}],"wp:term":[{"taxonomy":"category","embeddable":true,"href":"https:\/\/www.grundschule-hooksiel.de\/wordpress\/wp-json\/wp\/v2\/categories?post=2030"},{"taxonomy":"post_tag","embeddable":true,"href":"https:\/\/www.grundschule-hooksiel.de\/wordpress\/wp-json\/wp\/v2\/tags?post=2030"}],"curies":[{"name":"wp","href":"https:\/\/api.w.org\/{rel}","templated":true}]}}