{"id":2196,"date":"2025-01-06T15:26:03","date_gmt":"2025-01-06T14:26:03","guid":{"rendered":"https:\/\/www.grundschule-hooksiel.de\/wordpress\/?p=2196"},"modified":"2025-01-06T15:26:03","modified_gmt":"2025-01-06T14:26:03","slug":"die-schoene-und-das-biest","status":"publish","type":"post","link":"https:\/\/www.grundschule-hooksiel.de\/wordpress\/2025\/01\/06\/die-schoene-und-das-biest\/","title":{"rendered":"Die Sch\u00f6ne und das Biest"},"content":{"rendered":"\n<p>In diesem Jahr zeigt die junge Landesb\u00fchne des Theaters am Dannhalm das Weihnachtsm\u00e4rchen \u201eDie Sch\u00f6ne und das Biest\u201c. Auch die Grundschule Hooksiel mit allen Sch\u00fclerinnen und Sch\u00fclern machte sich mit drei Bussen auf den Weg nach Jever. F\u00fcr manche Kinder war dies der erste Besuch im Theater. Bereits im Foyer gab es f\u00fcr einige der Besucher eine kleine \u00dcberraschung, denn die Grundschule Hohenkirchen war auch dort. So kam es in vielen F\u00e4llen zu einem Wiedersehen zwischen den Zirkusprojektteilnehmern vom Sommer und deren Gruppenleitern. Welche Freude! Nach dem St\u00fcck applaudierten die Kinder den Schauspielern und machten sich auf die R\u00fcckreise. Seit einigen Jahrzehnten bereits besteht diese weihnachtliche Tradition der Theaterfahrt an unserer Grundschule. Wer wei\u00df, was sich die junge Landesb\u00fchne f\u00fcr das n\u00e4chste Jahr einfallen l\u00e4sst.<\/p>\n\n\n\n<figure class=\"wp-block-gallery has-nested-images columns-default is-cropped wp-block-gallery-1 is-layout-flex wp-block-gallery-is-layout-flex\">\n<figure class=\"wp-block-image size-large\"><a href=\"https:\/\/www.grundschule-hooksiel.de\/wordpress\/wp-content\/uploads\/2025\/01\/IMG_9339-scaled.jpeg\"><img loading=\"lazy\" decoding=\"async\" width=\"768\" height=\"1024\" data-id=\"2197\" src=\"https:\/\/www.grundschule-hooksiel.de\/wordpress\/wp-content\/uploads\/2025\/01\/IMG_9339-768x1024.jpeg\" alt=\"\" class=\"wp-image-2197\" srcset=\"https:\/\/www.grundschule-hooksiel.de\/wordpress\/wp-content\/uploads\/2025\/01\/IMG_9339-768x1024.jpeg 768w, https:\/\/www.grundschule-hooksiel.de\/wordpress\/wp-content\/uploads\/2025\/01\/IMG_9339-225x300.jpeg 225w, https:\/\/www.grundschule-hooksiel.de\/wordpress\/wp-content\/uploads\/2025\/01\/IMG_9339-1152x1536.jpeg 1152w, https:\/\/www.grundschule-hooksiel.de\/wordpress\/wp-content\/uploads\/2025\/01\/IMG_9339-1536x2048.jpeg 1536w, https:\/\/www.grundschule-hooksiel.de\/wordpress\/wp-content\/uploads\/2025\/01\/IMG_9339-903x1204.jpeg 903w, https:\/\/www.grundschule-hooksiel.de\/wordpress\/wp-content\/uploads\/2025\/01\/IMG_9339-scaled.jpeg 1920w\" sizes=\"auto, (max-width: 768px) 100vw, 768px\" \/><\/a><\/figure>\n\n\n\n<figure class=\"wp-block-image size-large\"><a href=\"https:\/\/www.grundschule-hooksiel.de\/wordpress\/wp-content\/uploads\/2025\/01\/IMG_9335-scaled.jpeg\"><img loading=\"lazy\" decoding=\"async\" width=\"768\" height=\"1024\" data-id=\"2198\" src=\"https:\/\/www.grundschule-hooksiel.de\/wordpress\/wp-content\/uploads\/2025\/01\/IMG_9335-768x1024.jpeg\" alt=\"\" class=\"wp-image-2198\" srcset=\"https:\/\/www.grundschule-hooksiel.de\/wordpress\/wp-content\/uploads\/2025\/01\/IMG_9335-768x1024.jpeg 768w, https:\/\/www.grundschule-hooksiel.de\/wordpress\/wp-content\/uploads\/2025\/01\/IMG_9335-225x300.jpeg 225w, https:\/\/www.grundschule-hooksiel.de\/wordpress\/wp-content\/uploads\/2025\/01\/IMG_9335-1152x1536.jpeg 1152w, https:\/\/www.grundschule-hooksiel.de\/wordpress\/wp-content\/uploads\/2025\/01\/IMG_9335-1536x2048.jpeg 1536w, https:\/\/www.grundschule-hooksiel.de\/wordpress\/wp-content\/uploads\/2025\/01\/IMG_9335-903x1204.jpeg 903w, https:\/\/www.grundschule-hooksiel.de\/wordpress\/wp-content\/uploads\/2025\/01\/IMG_9335-scaled.jpeg 1920w\" sizes=\"auto, (max-width: 768px) 100vw, 768px\" \/><\/a><\/figure>\n<\/figure>\n","protected":false},"excerpt":{"rendered":"<p>In diesem Jahr zeigt die junge Landesb\u00fchne des Theaters am Dannhalm das Weihnachtsm\u00e4rchen \u201eDie Sch\u00f6ne und das Biest\u201c. Auch die Grundschule Hooksiel mit allen Sch\u00fclerinnen und Sch\u00fclern machte sich mit drei Bussen auf den Weg nach Jever. F\u00fcr manche Kinder war dies der erste Besuch im Theater. Bereits im Foyer gab es f\u00fcr einige der &hellip; <\/p>\n<p><a class=\"more-link btn\" href=\"https:\/\/www.grundschule-hooksiel.de\/wordpress\/2025\/01\/06\/die-schoene-und-das-biest\/\">Weiterlesen<\/a><\/p>\n","protected":false},"author":1,"featured_media":2197,"comment_status":"closed","ping_status":"closed","sticky":false,"template":"","format":"standard","meta":{"ngg_post_thumbnail":0,"footnotes":""},"categories":[1],"tags":[],"class_list":["post-2196","post","type-post","status-publish","format-standard","has-post-thumbnail","hentry","category-allgemein","nodate","item-wrap"],"_links":{"self":[{"href":"https:\/\/www.grundschule-hooksiel.de\/wordpress\/wp-json\/wp\/v2\/posts\/2196","targetHints":{"allow":["GET"]}}],"collection":[{"href":"https:\/\/www.grundschule-hooksiel.de\/wordpress\/wp-json\/wp\/v2\/posts"}],"about":[{"href":"https:\/\/www.grundschule-hooksiel.de\/wordpress\/wp-json\/wp\/v2\/types\/post"}],"author":[{"embeddable":true,"href":"https:\/\/www.grundschule-hooksiel.de\/wordpress\/wp-json\/wp\/v2\/users\/1"}],"replies":[{"embeddable":true,"href":"https:\/\/www.grundschule-hooksiel.de\/wordpress\/wp-json\/wp\/v2\/comments?post=2196"}],"version-history":[{"count":1,"href":"https:\/\/www.grundschule-hooksiel.de\/wordpress\/wp-json\/wp\/v2\/posts\/2196\/revisions"}],"predecessor-version":[{"id":2199,"href":"https:\/\/www.grundschule-hooksiel.de\/wordpress\/wp-json\/wp\/v2\/posts\/2196\/revisions\/2199"}],"wp:featuredmedia":[{"embeddable":true,"href":"https:\/\/www.grundschule-hooksiel.de\/wordpress\/wp-json\/wp\/v2\/media\/2197"}],"wp:attachment":[{"href":"https:\/\/www.grundschule-hooksiel.de\/wordpress\/wp-json\/wp\/v2\/media?parent=2196"}],"wp:term":[{"taxonomy":"category","embeddable":true,"href":"https:\/\/www.grundschule-hooksiel.de\/wordpress\/wp-json\/wp\/v2\/categories?post=2196"},{"taxonomy":"post_tag","embeddable":true,"href":"https:\/\/www.grundschule-hooksiel.de\/wordpress\/wp-json\/wp\/v2\/tags?post=2196"}],"curies":[{"name":"wp","href":"https:\/\/api.w.org\/{rel}","templated":true}]}}