{"id":2200,"date":"2025-01-06T15:27:04","date_gmt":"2025-01-06T14:27:04","guid":{"rendered":"https:\/\/www.grundschule-hooksiel.de\/wordpress\/?p=2200"},"modified":"2025-01-06T15:27:04","modified_gmt":"2025-01-06T14:27:04","slug":"am-weihnachtsbaume-die-lichter-brennen","status":"publish","type":"post","link":"https:\/\/www.grundschule-hooksiel.de\/wordpress\/2025\/01\/06\/am-weihnachtsbaume-die-lichter-brennen\/","title":{"rendered":"Am Weihnachtsbaume die Lichter brennen"},"content":{"rendered":"\n<p>An drei von vier Adventsmontagen kommen auch in diesem Dezember wieder alle Kinder und Mitarbeiter fr\u00fch morgens am Weihnachtsbaum zusammen und starten stimmungsvoll in die neue Woche. Gedichte wurden in den vergangenen Wochen einge\u00fcbt und bei dieser Gelegenheit dargeboten, es werden Weihnachtslieder gesungen und gl\u00e4nzende Augen schauen den geschm\u00fcckten Weihnachtsbaum an. Dieser wurde p\u00fcnktlich zum ersten Advent von allen Kindern der Grundschule im Foyer mit mitgebrachtem Baumschmuck herausgeputzt. Nicht nur dort stehen insgesamt drei geschm\u00fcckte Tannen, sondern dieses Jahr gibt es auch einen Weihnachtsbaum in der Mensa. Die Fenster zeigen eindeutig weihnachtliche Dekorationen und in den Klassen findet man Wichtel oder Adventskalender. All dies zaubert von Tag zu Tag etwas mehr weihnachtliche Vorfreude in die Schule. Selbst im B\u00fcro des Schulleiters Herrn Nu\u00dfbaum und unserer Sekret\u00e4rin Frau Terstappen sieht man zwei Adventskalender stehen. Herzlichen Dank an dieser Stelle an alle, die beim Schm\u00fccken und Herausputzen unserer Grundschule mitgeholfen haben.<\/p>\n\n\n\n<figure class=\"wp-block-image size-large\"><a href=\"https:\/\/www.grundschule-hooksiel.de\/wordpress\/wp-content\/uploads\/2025\/01\/IMG_9340-scaled.jpeg\"><img loading=\"lazy\" decoding=\"async\" width=\"768\" height=\"1024\" src=\"https:\/\/www.grundschule-hooksiel.de\/wordpress\/wp-content\/uploads\/2025\/01\/IMG_9340-768x1024.jpeg\" alt=\"\" class=\"wp-image-2201\" srcset=\"https:\/\/www.grundschule-hooksiel.de\/wordpress\/wp-content\/uploads\/2025\/01\/IMG_9340-768x1024.jpeg 768w, https:\/\/www.grundschule-hooksiel.de\/wordpress\/wp-content\/uploads\/2025\/01\/IMG_9340-225x300.jpeg 225w, https:\/\/www.grundschule-hooksiel.de\/wordpress\/wp-content\/uploads\/2025\/01\/IMG_9340-1152x1536.jpeg 1152w, https:\/\/www.grundschule-hooksiel.de\/wordpress\/wp-content\/uploads\/2025\/01\/IMG_9340-1536x2048.jpeg 1536w, https:\/\/www.grundschule-hooksiel.de\/wordpress\/wp-content\/uploads\/2025\/01\/IMG_9340-903x1204.jpeg 903w, https:\/\/www.grundschule-hooksiel.de\/wordpress\/wp-content\/uploads\/2025\/01\/IMG_9340-scaled.jpeg 1920w\" sizes=\"auto, (max-width: 768px) 100vw, 768px\" \/><\/a><\/figure>\n","protected":false},"excerpt":{"rendered":"<p>An drei von vier Adventsmontagen kommen auch in diesem Dezember wieder alle Kinder und Mitarbeiter fr\u00fch morgens am Weihnachtsbaum zusammen und starten stimmungsvoll in die neue Woche. Gedichte wurden in den vergangenen Wochen einge\u00fcbt und bei dieser Gelegenheit dargeboten, es werden Weihnachtslieder gesungen und gl\u00e4nzende Augen schauen den geschm\u00fcckten Weihnachtsbaum an. Dieser wurde p\u00fcnktlich zum &hellip; <\/p>\n<p><a class=\"more-link btn\" href=\"https:\/\/www.grundschule-hooksiel.de\/wordpress\/2025\/01\/06\/am-weihnachtsbaume-die-lichter-brennen\/\">Weiterlesen<\/a><\/p>\n","protected":false},"author":1,"featured_media":2201,"comment_status":"closed","ping_status":"closed","sticky":false,"template":"","format":"standard","meta":{"ngg_post_thumbnail":0,"footnotes":""},"categories":[1],"tags":[],"class_list":["post-2200","post","type-post","status-publish","format-standard","has-post-thumbnail","hentry","category-allgemein","nodate","item-wrap"],"_links":{"self":[{"href":"https:\/\/www.grundschule-hooksiel.de\/wordpress\/wp-json\/wp\/v2\/posts\/2200","targetHints":{"allow":["GET"]}}],"collection":[{"href":"https:\/\/www.grundschule-hooksiel.de\/wordpress\/wp-json\/wp\/v2\/posts"}],"about":[{"href":"https:\/\/www.grundschule-hooksiel.de\/wordpress\/wp-json\/wp\/v2\/types\/post"}],"author":[{"embeddable":true,"href":"https:\/\/www.grundschule-hooksiel.de\/wordpress\/wp-json\/wp\/v2\/users\/1"}],"replies":[{"embeddable":true,"href":"https:\/\/www.grundschule-hooksiel.de\/wordpress\/wp-json\/wp\/v2\/comments?post=2200"}],"version-history":[{"count":1,"href":"https:\/\/www.grundschule-hooksiel.de\/wordpress\/wp-json\/wp\/v2\/posts\/2200\/revisions"}],"predecessor-version":[{"id":2202,"href":"https:\/\/www.grundschule-hooksiel.de\/wordpress\/wp-json\/wp\/v2\/posts\/2200\/revisions\/2202"}],"wp:featuredmedia":[{"embeddable":true,"href":"https:\/\/www.grundschule-hooksiel.de\/wordpress\/wp-json\/wp\/v2\/media\/2201"}],"wp:attachment":[{"href":"https:\/\/www.grundschule-hooksiel.de\/wordpress\/wp-json\/wp\/v2\/media?parent=2200"}],"wp:term":[{"taxonomy":"category","embeddable":true,"href":"https:\/\/www.grundschule-hooksiel.de\/wordpress\/wp-json\/wp\/v2\/categories?post=2200"},{"taxonomy":"post_tag","embeddable":true,"href":"https:\/\/www.grundschule-hooksiel.de\/wordpress\/wp-json\/wp\/v2\/tags?post=2200"}],"curies":[{"name":"wp","href":"https:\/\/api.w.org\/{rel}","templated":true}]}}