{"id":2335,"date":"2025-09-02T21:43:04","date_gmt":"2025-09-02T19:43:04","guid":{"rendered":"https:\/\/www.grundschule-hooksiel.de\/wordpress\/?p=2335"},"modified":"2025-09-05T16:04:58","modified_gmt":"2025-09-05T14:04:58","slug":"feierliche-ernennung-von-herrn-alker-zum-beamten-auf-lebenszeit","status":"publish","type":"post","link":"https:\/\/www.grundschule-hooksiel.de\/wordpress\/2025\/09\/02\/feierliche-ernennung-von-herrn-alker-zum-beamten-auf-lebenszeit\/","title":{"rendered":"Feierliche Ernennung von Herrn Alker zum Beamten auf Lebenszeit"},"content":{"rendered":"\n<p>Unser Kollege Marvin Alker, der nun bereits im vierten Jahr an der Grundschule Hooksiel als gesch\u00e4tzter Kollege t\u00e4tig ist, wurde feierlich von Schulleiter Herrn Nu\u00dfbaum zu seinem Beamtenstatus auf Lebenszeit begl\u00fcckw\u00fcnscht.<\/p>\n<p>Alle Kolleginnen und Kollegen freuten sich sehr \u00fcber dieses besondere Ereignis und feierten gemeinsam mit Herrn Alker. Wir gratulieren ihm herzlich und w\u00fcnschen ihm weiterhin viel Freude an seinem Beruf und Erfolg an unserer Schule.<\/p>\n<p>Sch\u00f6n, dass du Teil unseres Kollegiums bist!<\/p>\n\n\n","protected":false},"excerpt":{"rendered":"<p>Unser Kollege Marvin Alker, der nun bereits im vierten Jahr an der Grundschule Hooksiel als gesch\u00e4tzter Kollege t\u00e4tig ist, wurde feierlich von Schulleiter Herrn Nu\u00dfbaum zu seinem Beamtenstatus auf Lebenszeit begl\u00fcckw\u00fcnscht. Alle Kolleginnen und Kollegen freuten sich sehr \u00fcber dieses besondere Ereignis und feierten gemeinsam mit Herrn Alker. Wir gratulieren ihm herzlich und w\u00fcnschen ihm &hellip; <\/p>\n<p><a class=\"more-link btn\" href=\"https:\/\/www.grundschule-hooksiel.de\/wordpress\/2025\/09\/02\/feierliche-ernennung-von-herrn-alker-zum-beamten-auf-lebenszeit\/\">Weiterlesen<\/a><\/p>\n","protected":false},"author":4,"featured_media":2336,"comment_status":"closed","ping_status":"closed","sticky":false,"template":"","format":"standard","meta":{"ngg_post_thumbnail":0,"footnotes":""},"categories":[1],"tags":[],"class_list":["post-2335","post","type-post","status-publish","format-standard","has-post-thumbnail","hentry","category-allgemein","nodate","item-wrap"],"_links":{"self":[{"href":"https:\/\/www.grundschule-hooksiel.de\/wordpress\/wp-json\/wp\/v2\/posts\/2335","targetHints":{"allow":["GET"]}}],"collection":[{"href":"https:\/\/www.grundschule-hooksiel.de\/wordpress\/wp-json\/wp\/v2\/posts"}],"about":[{"href":"https:\/\/www.grundschule-hooksiel.de\/wordpress\/wp-json\/wp\/v2\/types\/post"}],"author":[{"embeddable":true,"href":"https:\/\/www.grundschule-hooksiel.de\/wordpress\/wp-json\/wp\/v2\/users\/4"}],"replies":[{"embeddable":true,"href":"https:\/\/www.grundschule-hooksiel.de\/wordpress\/wp-json\/wp\/v2\/comments?post=2335"}],"version-history":[{"count":2,"href":"https:\/\/www.grundschule-hooksiel.de\/wordpress\/wp-json\/wp\/v2\/posts\/2335\/revisions"}],"predecessor-version":[{"id":2342,"href":"https:\/\/www.grundschule-hooksiel.de\/wordpress\/wp-json\/wp\/v2\/posts\/2335\/revisions\/2342"}],"wp:featuredmedia":[{"embeddable":true,"href":"https:\/\/www.grundschule-hooksiel.de\/wordpress\/wp-json\/wp\/v2\/media\/2336"}],"wp:attachment":[{"href":"https:\/\/www.grundschule-hooksiel.de\/wordpress\/wp-json\/wp\/v2\/media?parent=2335"}],"wp:term":[{"taxonomy":"category","embeddable":true,"href":"https:\/\/www.grundschule-hooksiel.de\/wordpress\/wp-json\/wp\/v2\/categories?post=2335"},{"taxonomy":"post_tag","embeddable":true,"href":"https:\/\/www.grundschule-hooksiel.de\/wordpress\/wp-json\/wp\/v2\/tags?post=2335"}],"curies":[{"name":"wp","href":"https:\/\/api.w.org\/{rel}","templated":true}]}}