{"id":2352,"date":"2025-09-15T15:06:37","date_gmt":"2025-09-15T13:06:37","guid":{"rendered":"https:\/\/www.grundschule-hooksiel.de\/wordpress\/?p=2352"},"modified":"2025-09-15T15:06:39","modified_gmt":"2025-09-15T13:06:39","slug":"gesundheitsamt-jever-zu-besuch-in-der-grundschule","status":"publish","type":"post","link":"https:\/\/www.grundschule-hooksiel.de\/wordpress\/2025\/09\/15\/gesundheitsamt-jever-zu-besuch-in-der-grundschule\/","title":{"rendered":"Gesundheitsamt Jever zu Besuch in der Grundschule"},"content":{"rendered":"\n<p>Auch in diesem Schuljahr waren wieder regelm\u00e4\u00dfige Besucherinnen vom Gesundheitsamt Jever an unserer Schule. Eine Zahn\u00e4rztin und eine Zahnarztprophylaxehelferin besuchten alle Klassen und erkl\u00e4rten den Kindern auf anschauliche Weise, wie wichtig richtige Zahnpflege ist.<\/p>\n<p>Die Sch\u00fclerinnen und Sch\u00fcler der 1. Klasse konnten dabei auf ihr Wissen aus dem Kindergarten zur\u00fcckgreifen und beantworteten viele Fragen sicher: Sie wussten zum Beispiel, dass Zucker den Z\u00e4hnen schadet, ein Milchzahngebiss aus 20 Z\u00e4hnen besteht und dass man sich am besten zweimal t\u00e4glich die Z\u00e4hne putzt.<\/p>\n<p>Besonders spannend war das Gespr\u00e4ch \u00fcber sch\u00e4dliche Bakterien \u2013 die von den Kindern gleich mit dem lustigen Namen \u201eHacki Backi\u201c in Verbindung gebracht wurden. Auch das Ph\u00e4nomen der \u201eZwillingsz\u00e4hne\u201c wurde thematisiert.<\/p>\n<p>Die Kinder der Klassen 3 und 4 wurden zus\u00e4tzlich gefragt, wie viel Zucker in beliebten Lebensmitteln steckt. Dabei staunten viele, wie viele W\u00fcrfelzucker sich oft in Getr\u00e4nken oder Snacks verbergen.<\/p>\n<p>Nach einem theoretischen Teil durfte jedes Kind aktiv mitmachen: Ausgestattet mit einer neuen, bunten Zahnb\u00fcrste und einer Junior-Zahnpasta \u00fcbten die Kinder das Z\u00e4hneputzen nach dem KAI-Prinzip (Kaufl\u00e4chen, Au\u00dfenfl\u00e4chen, Innenfl\u00e4chen). So wurde aus der Theorie gleich Praxis \u2013 und der Spa\u00df kam dabei nat\u00fcrlich nicht zu kurz.<\/p>\n<p>Auch die Eltern erhielten eine Information: Kinder sollten mindestens zweimal im Jahr zum Zahnarzt oder zur Zahn\u00e4rztin gehen. Selbst erste kleine Probleme k\u00f6nnen positiv in Erinnerung bleiben, wenn man den Zahnarztbesuch von Anfang an ernst nimmt und regelm\u00e4\u00dfig wahrnimmt.<\/p>\n<p>Wir danken dem Gesundheitsamt Jever herzlich f\u00fcr den lehrreichen Besuch \u2013 und allen, die neugierig zugeschaut haben!<\/p>\n\n\n\n<figure class=\"wp-block-gallery has-nested-images columns-default is-cropped wp-block-gallery-1 is-layout-flex wp-block-gallery-is-layout-flex\">\n<figure class=\"wp-block-image size-large\"><a href=\"https:\/\/www.grundschule-hooksiel.de\/wordpress\/wp-content\/uploads\/2025\/09\/IMG_4741-scaled.jpeg\"><img loading=\"lazy\" decoding=\"async\" width=\"768\" height=\"1024\" data-id=\"2355\" src=\"https:\/\/www.grundschule-hooksiel.de\/wordpress\/wp-content\/uploads\/2025\/09\/IMG_4741-768x1024.jpeg\" alt=\"\" class=\"wp-image-2355\" srcset=\"https:\/\/www.grundschule-hooksiel.de\/wordpress\/wp-content\/uploads\/2025\/09\/IMG_4741-768x1024.jpeg 768w, https:\/\/www.grundschule-hooksiel.de\/wordpress\/wp-content\/uploads\/2025\/09\/IMG_4741-225x300.jpeg 225w, https:\/\/www.grundschule-hooksiel.de\/wordpress\/wp-content\/uploads\/2025\/09\/IMG_4741-1152x1536.jpeg 1152w, https:\/\/www.grundschule-hooksiel.de\/wordpress\/wp-content\/uploads\/2025\/09\/IMG_4741-1536x2048.jpeg 1536w, https:\/\/www.grundschule-hooksiel.de\/wordpress\/wp-content\/uploads\/2025\/09\/IMG_4741-903x1204.jpeg 903w, https:\/\/www.grundschule-hooksiel.de\/wordpress\/wp-content\/uploads\/2025\/09\/IMG_4741-scaled.jpeg 1920w\" sizes=\"auto, (max-width: 768px) 100vw, 768px\" \/><\/a><\/figure>\n\n\n\n<figure class=\"wp-block-image size-large\"><a href=\"https:\/\/www.grundschule-hooksiel.de\/wordpress\/wp-content\/uploads\/2025\/09\/IMG_4743-scaled.jpeg\"><img loading=\"lazy\" decoding=\"async\" width=\"1024\" height=\"768\" data-id=\"2354\" src=\"https:\/\/www.grundschule-hooksiel.de\/wordpress\/wp-content\/uploads\/2025\/09\/IMG_4743-1024x768.jpeg\" alt=\"\" class=\"wp-image-2354\" srcset=\"https:\/\/www.grundschule-hooksiel.de\/wordpress\/wp-content\/uploads\/2025\/09\/IMG_4743-1024x768.jpeg 1024w, https:\/\/www.grundschule-hooksiel.de\/wordpress\/wp-content\/uploads\/2025\/09\/IMG_4743-300x225.jpeg 300w, https:\/\/www.grundschule-hooksiel.de\/wordpress\/wp-content\/uploads\/2025\/09\/IMG_4743-768x576.jpeg 768w, https:\/\/www.grundschule-hooksiel.de\/wordpress\/wp-content\/uploads\/2025\/09\/IMG_4743-1536x1152.jpeg 1536w, https:\/\/www.grundschule-hooksiel.de\/wordpress\/wp-content\/uploads\/2025\/09\/IMG_4743-2048x1536.jpeg 2048w, https:\/\/www.grundschule-hooksiel.de\/wordpress\/wp-content\/uploads\/2025\/09\/IMG_4743-903x677.jpeg 903w\" sizes=\"auto, (max-width: 1024px) 100vw, 1024px\" \/><\/a><\/figure>\n\n\n\n<figure class=\"wp-block-image size-large\"><a href=\"https:\/\/www.grundschule-hooksiel.de\/wordpress\/wp-content\/uploads\/2025\/09\/IMG_4744-scaled.jpeg\"><img loading=\"lazy\" decoding=\"async\" width=\"768\" height=\"1024\" data-id=\"2353\" src=\"https:\/\/www.grundschule-hooksiel.de\/wordpress\/wp-content\/uploads\/2025\/09\/IMG_4744-768x1024.jpeg\" alt=\"\" class=\"wp-image-2353\" srcset=\"https:\/\/www.grundschule-hooksiel.de\/wordpress\/wp-content\/uploads\/2025\/09\/IMG_4744-768x1024.jpeg 768w, https:\/\/www.grundschule-hooksiel.de\/wordpress\/wp-content\/uploads\/2025\/09\/IMG_4744-225x300.jpeg 225w, https:\/\/www.grundschule-hooksiel.de\/wordpress\/wp-content\/uploads\/2025\/09\/IMG_4744-1152x1536.jpeg 1152w, https:\/\/www.grundschule-hooksiel.de\/wordpress\/wp-content\/uploads\/2025\/09\/IMG_4744-1536x2048.jpeg 1536w, https:\/\/www.grundschule-hooksiel.de\/wordpress\/wp-content\/uploads\/2025\/09\/IMG_4744-903x1204.jpeg 903w, https:\/\/www.grundschule-hooksiel.de\/wordpress\/wp-content\/uploads\/2025\/09\/IMG_4744-scaled.jpeg 1920w\" sizes=\"auto, (max-width: 768px) 100vw, 768px\" \/><\/a><\/figure>\n<\/figure>\n","protected":false},"excerpt":{"rendered":"<p>Auch in diesem Schuljahr waren wieder regelm\u00e4\u00dfige Besucherinnen vom Gesundheitsamt Jever an unserer Schule. Eine Zahn\u00e4rztin und eine Zahnarztprophylaxehelferin besuchten alle Klassen und erkl\u00e4rten den Kindern auf anschauliche Weise, wie wichtig richtige Zahnpflege ist. Die Sch\u00fclerinnen und Sch\u00fcler der 1. Klasse konnten dabei auf ihr Wissen aus dem Kindergarten zur\u00fcckgreifen und beantworteten viele Fragen sicher: &hellip; <\/p>\n<p><a class=\"more-link btn\" href=\"https:\/\/www.grundschule-hooksiel.de\/wordpress\/2025\/09\/15\/gesundheitsamt-jever-zu-besuch-in-der-grundschule\/\">Weiterlesen<\/a><\/p>\n","protected":false},"author":4,"featured_media":2355,"comment_status":"closed","ping_status":"closed","sticky":false,"template":"","format":"standard","meta":{"ngg_post_thumbnail":0,"footnotes":""},"categories":[1],"tags":[],"class_list":["post-2352","post","type-post","status-publish","format-standard","has-post-thumbnail","hentry","category-allgemein","nodate","item-wrap"],"_links":{"self":[{"href":"https:\/\/www.grundschule-hooksiel.de\/wordpress\/wp-json\/wp\/v2\/posts\/2352","targetHints":{"allow":["GET"]}}],"collection":[{"href":"https:\/\/www.grundschule-hooksiel.de\/wordpress\/wp-json\/wp\/v2\/posts"}],"about":[{"href":"https:\/\/www.grundschule-hooksiel.de\/wordpress\/wp-json\/wp\/v2\/types\/post"}],"author":[{"embeddable":true,"href":"https:\/\/www.grundschule-hooksiel.de\/wordpress\/wp-json\/wp\/v2\/users\/4"}],"replies":[{"embeddable":true,"href":"https:\/\/www.grundschule-hooksiel.de\/wordpress\/wp-json\/wp\/v2\/comments?post=2352"}],"version-history":[{"count":1,"href":"https:\/\/www.grundschule-hooksiel.de\/wordpress\/wp-json\/wp\/v2\/posts\/2352\/revisions"}],"predecessor-version":[{"id":2356,"href":"https:\/\/www.grundschule-hooksiel.de\/wordpress\/wp-json\/wp\/v2\/posts\/2352\/revisions\/2356"}],"wp:featuredmedia":[{"embeddable":true,"href":"https:\/\/www.grundschule-hooksiel.de\/wordpress\/wp-json\/wp\/v2\/media\/2355"}],"wp:attachment":[{"href":"https:\/\/www.grundschule-hooksiel.de\/wordpress\/wp-json\/wp\/v2\/media?parent=2352"}],"wp:term":[{"taxonomy":"category","embeddable":true,"href":"https:\/\/www.grundschule-hooksiel.de\/wordpress\/wp-json\/wp\/v2\/categories?post=2352"},{"taxonomy":"post_tag","embeddable":true,"href":"https:\/\/www.grundschule-hooksiel.de\/wordpress\/wp-json\/wp\/v2\/tags?post=2352"}],"curies":[{"name":"wp","href":"https:\/\/api.w.org\/{rel}","templated":true}]}}