{"id":2371,"date":"2025-09-26T10:27:45","date_gmt":"2025-09-26T08:27:45","guid":{"rendered":"https:\/\/www.grundschule-hooksiel.de\/wordpress\/?p=2371"},"modified":"2025-09-26T10:27:47","modified_gmt":"2025-09-26T08:27:47","slug":"klassenfahrt-der-viertklaessler-zur-jugendherberge-thuelsfelder-talsperre","status":"publish","type":"post","link":"https:\/\/www.grundschule-hooksiel.de\/wordpress\/2025\/09\/26\/klassenfahrt-der-viertklaessler-zur-jugendherberge-thuelsfelder-talsperre\/","title":{"rendered":"Klassenfahrt der Viertkl\u00e4ssler zur Jugendherberge Th\u00fclsfelder Talsperre"},"content":{"rendered":"\n<p>Vom 8.09.- 12.09.25 machten sich die beiden vierten Klassen unserer Grundschule mit ihren Klassenlehrern Ute Leiner und Marvin Alker auf den Weg nach Th\u00fclsfelde zur Jugendherberge. Nach einem Eingew\u00f6hnungstag mit einer Rallye durch die Umgebung der Herberge fanden vielf\u00e4ltige Aktionen statt: Im Kletterwald Nord wagten sich die Kinder in unbekannte H\u00f6hen, am n\u00e4chsten Tag besuchten alle den Tier- und Freizeitpark Th\u00fcle. Gerne wurde auch die Freizeit f\u00fcr Austausch, Spiel und Spa\u00df in den Zimmern und auf dem Gel\u00e4nde der Herberge genutzt. An einem Abend wurde in der hauseigenen Disco kr\u00e4ftig getanzt und gefeiert. So vergingen die Tage wie im Fluge. Am Freitagmittag konnten alle Eltern ihre Kinder wieder gl\u00fccklich in Empfang nehmen.<\/p>\n\n\n\n\n\n<figure class=\"wp-block-gallery has-nested-images columns-default is-cropped wp-block-gallery-1 is-layout-flex wp-block-gallery-is-layout-flex\">\n<figure class=\"wp-block-image size-large\"><a href=\"https:\/\/www.grundschule-hooksiel.de\/wordpress\/wp-content\/uploads\/2025\/09\/IMG_20250910_105330-scaled.jpg\"><img loading=\"lazy\" decoding=\"async\" width=\"769\" height=\"1024\" data-id=\"2377\" src=\"https:\/\/www.grundschule-hooksiel.de\/wordpress\/wp-content\/uploads\/2025\/09\/IMG_20250910_105330-769x1024.jpg\" alt=\"\" class=\"wp-image-2377\" srcset=\"https:\/\/www.grundschule-hooksiel.de\/wordpress\/wp-content\/uploads\/2025\/09\/IMG_20250910_105330-769x1024.jpg 769w, https:\/\/www.grundschule-hooksiel.de\/wordpress\/wp-content\/uploads\/2025\/09\/IMG_20250910_105330-225x300.jpg 225w, https:\/\/www.grundschule-hooksiel.de\/wordpress\/wp-content\/uploads\/2025\/09\/IMG_20250910_105330-768x1023.jpg 768w, https:\/\/www.grundschule-hooksiel.de\/wordpress\/wp-content\/uploads\/2025\/09\/IMG_20250910_105330-1153x1536.jpg 1153w, https:\/\/www.grundschule-hooksiel.de\/wordpress\/wp-content\/uploads\/2025\/09\/IMG_20250910_105330-1538x2048.jpg 1538w, https:\/\/www.grundschule-hooksiel.de\/wordpress\/wp-content\/uploads\/2025\/09\/IMG_20250910_105330-903x1203.jpg 903w, https:\/\/www.grundschule-hooksiel.de\/wordpress\/wp-content\/uploads\/2025\/09\/IMG_20250910_105330-scaled.jpg 1922w\" sizes=\"auto, (max-width: 769px) 100vw, 769px\" \/><\/a><\/figure>\n\n\n\n<figure class=\"wp-block-image size-large\"><a href=\"https:\/\/www.grundschule-hooksiel.de\/wordpress\/wp-content\/uploads\/2025\/09\/IMG_20250910_121853-scaled.jpg\"><img loading=\"lazy\" decoding=\"async\" width=\"769\" height=\"1024\" data-id=\"2376\" src=\"https:\/\/www.grundschule-hooksiel.de\/wordpress\/wp-content\/uploads\/2025\/09\/IMG_20250910_121853-769x1024.jpg\" alt=\"\" class=\"wp-image-2376\" srcset=\"https:\/\/www.grundschule-hooksiel.de\/wordpress\/wp-content\/uploads\/2025\/09\/IMG_20250910_121853-769x1024.jpg 769w, https:\/\/www.grundschule-hooksiel.de\/wordpress\/wp-content\/uploads\/2025\/09\/IMG_20250910_121853-225x300.jpg 225w, https:\/\/www.grundschule-hooksiel.de\/wordpress\/wp-content\/uploads\/2025\/09\/IMG_20250910_121853-768x1023.jpg 768w, https:\/\/www.grundschule-hooksiel.de\/wordpress\/wp-content\/uploads\/2025\/09\/IMG_20250910_121853-1153x1536.jpg 1153w, https:\/\/www.grundschule-hooksiel.de\/wordpress\/wp-content\/uploads\/2025\/09\/IMG_20250910_121853-1538x2048.jpg 1538w, https:\/\/www.grundschule-hooksiel.de\/wordpress\/wp-content\/uploads\/2025\/09\/IMG_20250910_121853-903x1203.jpg 903w, https:\/\/www.grundschule-hooksiel.de\/wordpress\/wp-content\/uploads\/2025\/09\/IMG_20250910_121853-scaled.jpg 1922w\" sizes=\"auto, (max-width: 769px) 100vw, 769px\" \/><\/a><\/figure>\n\n\n\n<figure class=\"wp-block-image size-large\"><a href=\"https:\/\/www.grundschule-hooksiel.de\/wordpress\/wp-content\/uploads\/2025\/09\/IMG_20250910_195945-scaled.jpg\"><img loading=\"lazy\" decoding=\"async\" width=\"769\" height=\"1024\" data-id=\"2373\" src=\"https:\/\/www.grundschule-hooksiel.de\/wordpress\/wp-content\/uploads\/2025\/09\/IMG_20250910_195945-769x1024.jpg\" alt=\"\" class=\"wp-image-2373\" srcset=\"https:\/\/www.grundschule-hooksiel.de\/wordpress\/wp-content\/uploads\/2025\/09\/IMG_20250910_195945-769x1024.jpg 769w, https:\/\/www.grundschule-hooksiel.de\/wordpress\/wp-content\/uploads\/2025\/09\/IMG_20250910_195945-225x300.jpg 225w, https:\/\/www.grundschule-hooksiel.de\/wordpress\/wp-content\/uploads\/2025\/09\/IMG_20250910_195945-768x1023.jpg 768w, https:\/\/www.grundschule-hooksiel.de\/wordpress\/wp-content\/uploads\/2025\/09\/IMG_20250910_195945-1153x1536.jpg 1153w, https:\/\/www.grundschule-hooksiel.de\/wordpress\/wp-content\/uploads\/2025\/09\/IMG_20250910_195945-1538x2048.jpg 1538w, https:\/\/www.grundschule-hooksiel.de\/wordpress\/wp-content\/uploads\/2025\/09\/IMG_20250910_195945-903x1203.jpg 903w, https:\/\/www.grundschule-hooksiel.de\/wordpress\/wp-content\/uploads\/2025\/09\/IMG_20250910_195945-scaled.jpg 1922w\" sizes=\"auto, (max-width: 769px) 100vw, 769px\" \/><\/a><\/figure>\n\n\n\n<figure class=\"wp-block-image size-large\"><a href=\"https:\/\/www.grundschule-hooksiel.de\/wordpress\/wp-content\/uploads\/2025\/09\/IMG_20250911_155346-scaled.jpg\"><img loading=\"lazy\" decoding=\"async\" width=\"769\" height=\"1024\" data-id=\"2375\" src=\"https:\/\/www.grundschule-hooksiel.de\/wordpress\/wp-content\/uploads\/2025\/09\/IMG_20250911_155346-769x1024.jpg\" alt=\"\" class=\"wp-image-2375\" srcset=\"https:\/\/www.grundschule-hooksiel.de\/wordpress\/wp-content\/uploads\/2025\/09\/IMG_20250911_155346-769x1024.jpg 769w, https:\/\/www.grundschule-hooksiel.de\/wordpress\/wp-content\/uploads\/2025\/09\/IMG_20250911_155346-225x300.jpg 225w, https:\/\/www.grundschule-hooksiel.de\/wordpress\/wp-content\/uploads\/2025\/09\/IMG_20250911_155346-768x1023.jpg 768w, https:\/\/www.grundschule-hooksiel.de\/wordpress\/wp-content\/uploads\/2025\/09\/IMG_20250911_155346-1153x1536.jpg 1153w, https:\/\/www.grundschule-hooksiel.de\/wordpress\/wp-content\/uploads\/2025\/09\/IMG_20250911_155346-1538x2048.jpg 1538w, https:\/\/www.grundschule-hooksiel.de\/wordpress\/wp-content\/uploads\/2025\/09\/IMG_20250911_155346-903x1203.jpg 903w, https:\/\/www.grundschule-hooksiel.de\/wordpress\/wp-content\/uploads\/2025\/09\/IMG_20250911_155346-scaled.jpg 1922w\" sizes=\"auto, (max-width: 769px) 100vw, 769px\" \/><\/a><\/figure>\n\n\n\n<figure class=\"wp-block-image size-large\"><a href=\"https:\/\/www.grundschule-hooksiel.de\/wordpress\/wp-content\/uploads\/2025\/09\/IMG_20250911_210302-scaled.jpg\"><img loading=\"lazy\" decoding=\"async\" width=\"769\" height=\"1024\" data-id=\"2374\" src=\"https:\/\/www.grundschule-hooksiel.de\/wordpress\/wp-content\/uploads\/2025\/09\/IMG_20250911_210302-769x1024.jpg\" alt=\"\" class=\"wp-image-2374\" srcset=\"https:\/\/www.grundschule-hooksiel.de\/wordpress\/wp-content\/uploads\/2025\/09\/IMG_20250911_210302-769x1024.jpg 769w, https:\/\/www.grundschule-hooksiel.de\/wordpress\/wp-content\/uploads\/2025\/09\/IMG_20250911_210302-225x300.jpg 225w, https:\/\/www.grundschule-hooksiel.de\/wordpress\/wp-content\/uploads\/2025\/09\/IMG_20250911_210302-768x1023.jpg 768w, https:\/\/www.grundschule-hooksiel.de\/wordpress\/wp-content\/uploads\/2025\/09\/IMG_20250911_210302-1153x1536.jpg 1153w, https:\/\/www.grundschule-hooksiel.de\/wordpress\/wp-content\/uploads\/2025\/09\/IMG_20250911_210302-1538x2048.jpg 1538w, https:\/\/www.grundschule-hooksiel.de\/wordpress\/wp-content\/uploads\/2025\/09\/IMG_20250911_210302-903x1203.jpg 903w, https:\/\/www.grundschule-hooksiel.de\/wordpress\/wp-content\/uploads\/2025\/09\/IMG_20250911_210302-scaled.jpg 1922w\" sizes=\"auto, (max-width: 769px) 100vw, 769px\" \/><\/a><\/figure>\n<\/figure>\n","protected":false},"excerpt":{"rendered":"<p>Vom 8.09.- 12.09.25 machten sich die beiden vierten Klassen unserer Grundschule mit ihren Klassenlehrern Ute Leiner und Marvin Alker auf den Weg nach Th\u00fclsfelde zur Jugendherberge. Nach einem Eingew\u00f6hnungstag mit einer Rallye durch die Umgebung der Herberge fanden vielf\u00e4ltige Aktionen statt: Im Kletterwald Nord wagten sich die Kinder in unbekannte H\u00f6hen, am n\u00e4chsten Tag besuchten &hellip; <\/p>\n<p><a class=\"more-link btn\" href=\"https:\/\/www.grundschule-hooksiel.de\/wordpress\/2025\/09\/26\/klassenfahrt-der-viertklaessler-zur-jugendherberge-thuelsfelder-talsperre\/\">Weiterlesen<\/a><\/p>\n","protected":false},"author":4,"featured_media":0,"comment_status":"closed","ping_status":"closed","sticky":false,"template":"","format":"standard","meta":{"ngg_post_thumbnail":0,"footnotes":""},"categories":[1],"tags":[],"class_list":["post-2371","post","type-post","status-publish","format-standard","hentry","category-allgemein","nodate","item-wrap"],"_links":{"self":[{"href":"https:\/\/www.grundschule-hooksiel.de\/wordpress\/wp-json\/wp\/v2\/posts\/2371","targetHints":{"allow":["GET"]}}],"collection":[{"href":"https:\/\/www.grundschule-hooksiel.de\/wordpress\/wp-json\/wp\/v2\/posts"}],"about":[{"href":"https:\/\/www.grundschule-hooksiel.de\/wordpress\/wp-json\/wp\/v2\/types\/post"}],"author":[{"embeddable":true,"href":"https:\/\/www.grundschule-hooksiel.de\/wordpress\/wp-json\/wp\/v2\/users\/4"}],"replies":[{"embeddable":true,"href":"https:\/\/www.grundschule-hooksiel.de\/wordpress\/wp-json\/wp\/v2\/comments?post=2371"}],"version-history":[{"count":1,"href":"https:\/\/www.grundschule-hooksiel.de\/wordpress\/wp-json\/wp\/v2\/posts\/2371\/revisions"}],"predecessor-version":[{"id":2378,"href":"https:\/\/www.grundschule-hooksiel.de\/wordpress\/wp-json\/wp\/v2\/posts\/2371\/revisions\/2378"}],"wp:attachment":[{"href":"https:\/\/www.grundschule-hooksiel.de\/wordpress\/wp-json\/wp\/v2\/media?parent=2371"}],"wp:term":[{"taxonomy":"category","embeddable":true,"href":"https:\/\/www.grundschule-hooksiel.de\/wordpress\/wp-json\/wp\/v2\/categories?post=2371"},{"taxonomy":"post_tag","embeddable":true,"href":"https:\/\/www.grundschule-hooksiel.de\/wordpress\/wp-json\/wp\/v2\/tags?post=2371"}],"curies":[{"name":"wp","href":"https:\/\/api.w.org\/{rel}","templated":true}]}}