{"id":2422,"date":"2025-11-26T09:49:01","date_gmt":"2025-11-26T08:49:01","guid":{"rendered":"https:\/\/www.grundschule-hooksiel.de\/wordpress\/?p=2422"},"modified":"2025-11-26T09:49:03","modified_gmt":"2025-11-26T08:49:03","slug":"vorlesetag-2025-an-der-grundschule-hochsiel-ein-tag-voller-geschichten","status":"publish","type":"post","link":"https:\/\/www.grundschule-hooksiel.de\/wordpress\/2025\/11\/26\/vorlesetag-2025-an-der-grundschule-hochsiel-ein-tag-voller-geschichten\/","title":{"rendered":"Vorlesetag 2025 an der Grundschule Hochsiel \u2013 Ein Tag voller Geschichten"},"content":{"rendered":"\n<p>Am diesj\u00e4hrigen deutschlandweiten Vorlesetag verwandelte sich die Grundschule Hooksiel erneut in ein Haus voller Geschichten, spannender Figuren und neugieriger Zuh\u00f6rer. Ein besonderes Highlight war der Besuch der Autorin Bettina G\u00f6schel, die den Kindern aus ihren eigenen B\u00fcchern vorlas und sie mitnahm in die fantasievollen Welten ihrer Geschichten.<\/p>\n<p>Doch auch viele weitere B\u00fccher fanden an diesem Tag ihren Platz: \u201eHilfe, die Herdmanns kommen\u201c, \u201eDie Schusselhexe\u201c, \u201eDer Junge, der die Welt verschwinden lie\u00df\u201c und einige andere Titel wurden von engagierten Vorleserinnen und Vorlesern pr\u00e4sentiert. Neben einer ehemalige Erzieherin der Kita und der Elternvertreterin Kristiane Geisen beteiligten sich auch Kolleginnen und Kollegen aus dem Grundschulteam.<\/p>\n<p>In altersgemischten Gruppen h\u00f6rten die Kinder aufmerksam zu und folgten gespannt den Geschichten. Einige Lesungen wurden sogar von kleinen Bastelaktionen oder liebevollen \u00dcberraschungen begleitet \u2013 ein sch\u00f6nes Zeichen daf\u00fcr, wie kreativ und herzlich der Vorlesetag an unserer Schule gestaltet wird.<\/p>\n<p>Den spannenden Abschluss bildete der Vorlesewettbewerb der Klassen 3 und 4. Bereits im Vorfeld hatten die Klassen 3a, 3b, 4a und 4b jeweils zwei Vertreterinnen und Vertreter gew\u00e4hlt, die nun gegeneinander antraten. Unter tosendem Applaus und lautstarken Anfeuerungsrufen versammelten sich alle Sch\u00fclerinnen und Sch\u00fcler in der Turnhalle, um die Entscheidung der Jury \u2013 bestehend aus Claudia Tibke, Johanna Steinbicker, Peter Nu\u00dfbaum und Kristiane Geisen \u2013 entgegenzunehmen.<\/p>\n<p><br>Die Ergebnisse:<\/p>\n<p>3. Klassen:<\/p>\n<ol>\n<li>\n<p>Jaike Donker (3a)<\/p>\n<\/li>\n<li>\n<p>Elisabeth Harringa (3b)<\/p>\n<\/li>\n<li>\n<p>Tilda Harms und Matteo Hoppe<\/p>\n<\/li>\n<\/ol>\n<p>4. Klassen:<\/p>\n<ol>\n<li>\n<p>Elina Bittner (4b)<\/p>\n<\/li>\n<li>\n<p>Mette Wilken (4a)<\/p>\n<\/li>\n<li>\n<p>Jore Dirks und N.N.<\/p>\n<\/li>\n<\/ol>\n<p>Herzlichen Gl\u00fcckwunsch an alle Teilnehmenden! Sie zeigten Mut, Ausdruckskraft und viel Freude am Lesen.<\/p>\n<p>Der Vorlesetag 2025 war erneut ein wundersch\u00f6nes Erlebnis, das zeigt, wie lebendig Lesen an der Grundschule Hooksiel gelebt wird.<\/p>\n<p>Ein dickes Dankesch\u00f6n an das Orgateam, sowie alle Vorleser, die diesen Tag erst m\u00f6glich machten.<\/p>\n<p>Wir freuen uns schon jetzt auf das n\u00e4chste Jahr!<\/p>\n\n\n\n\n\n<figure class=\"wp-block-gallery has-nested-images columns-default is-cropped wp-block-gallery-1 is-layout-flex wp-block-gallery-is-layout-flex\">\n<figure class=\"wp-block-image size-large\"><a href=\"https:\/\/www.grundschule-hooksiel.de\/wordpress\/wp-content\/uploads\/2025\/11\/IMG_7682.jpeg\"><img loading=\"lazy\" decoding=\"async\" width=\"768\" height=\"1024\" data-id=\"2424\" src=\"https:\/\/www.grundschule-hooksiel.de\/wordpress\/wp-content\/uploads\/2025\/11\/IMG_7682-768x1024.jpeg\" alt=\"\" class=\"wp-image-2424\" srcset=\"https:\/\/www.grundschule-hooksiel.de\/wordpress\/wp-content\/uploads\/2025\/11\/IMG_7682-768x1024.jpeg 768w, https:\/\/www.grundschule-hooksiel.de\/wordpress\/wp-content\/uploads\/2025\/11\/IMG_7682-225x300.jpeg 225w, https:\/\/www.grundschule-hooksiel.de\/wordpress\/wp-content\/uploads\/2025\/11\/IMG_7682-1152x1536.jpeg 1152w, https:\/\/www.grundschule-hooksiel.de\/wordpress\/wp-content\/uploads\/2025\/11\/IMG_7682-903x1204.jpeg 903w, https:\/\/www.grundschule-hooksiel.de\/wordpress\/wp-content\/uploads\/2025\/11\/IMG_7682.jpeg 1200w\" sizes=\"auto, (max-width: 768px) 100vw, 768px\" \/><\/a><\/figure>\n\n\n\n<figure class=\"wp-block-image size-large\"><a href=\"https:\/\/www.grundschule-hooksiel.de\/wordpress\/wp-content\/uploads\/2025\/11\/IMG_7681.jpeg\"><img loading=\"lazy\" decoding=\"async\" width=\"1024\" height=\"768\" data-id=\"2423\" src=\"https:\/\/www.grundschule-hooksiel.de\/wordpress\/wp-content\/uploads\/2025\/11\/IMG_7681-1024x768.jpeg\" alt=\"\" class=\"wp-image-2423\" srcset=\"https:\/\/www.grundschule-hooksiel.de\/wordpress\/wp-content\/uploads\/2025\/11\/IMG_7681-1024x768.jpeg 1024w, https:\/\/www.grundschule-hooksiel.de\/wordpress\/wp-content\/uploads\/2025\/11\/IMG_7681-300x225.jpeg 300w, https:\/\/www.grundschule-hooksiel.de\/wordpress\/wp-content\/uploads\/2025\/11\/IMG_7681-768x576.jpeg 768w, https:\/\/www.grundschule-hooksiel.de\/wordpress\/wp-content\/uploads\/2025\/11\/IMG_7681-1536x1152.jpeg 1536w, https:\/\/www.grundschule-hooksiel.de\/wordpress\/wp-content\/uploads\/2025\/11\/IMG_7681-903x677.jpeg 903w, https:\/\/www.grundschule-hooksiel.de\/wordpress\/wp-content\/uploads\/2025\/11\/IMG_7681.jpeg 1600w\" sizes=\"auto, (max-width: 1024px) 100vw, 1024px\" \/><\/a><\/figure>\n\n\n\n<figure class=\"wp-block-image size-large\"><a href=\"https:\/\/www.grundschule-hooksiel.de\/wordpress\/wp-content\/uploads\/2025\/11\/IMG_0806-scaled.jpeg\"><img loading=\"lazy\" decoding=\"async\" width=\"769\" height=\"1024\" data-id=\"2425\" src=\"https:\/\/www.grundschule-hooksiel.de\/wordpress\/wp-content\/uploads\/2025\/11\/IMG_0806-769x1024.jpeg\" alt=\"\" class=\"wp-image-2425\" srcset=\"https:\/\/www.grundschule-hooksiel.de\/wordpress\/wp-content\/uploads\/2025\/11\/IMG_0806-769x1024.jpeg 769w, https:\/\/www.grundschule-hooksiel.de\/wordpress\/wp-content\/uploads\/2025\/11\/IMG_0806-225x300.jpeg 225w, https:\/\/www.grundschule-hooksiel.de\/wordpress\/wp-content\/uploads\/2025\/11\/IMG_0806-768x1023.jpeg 768w, https:\/\/www.grundschule-hooksiel.de\/wordpress\/wp-content\/uploads\/2025\/11\/IMG_0806-1153x1536.jpeg 1153w, https:\/\/www.grundschule-hooksiel.de\/wordpress\/wp-content\/uploads\/2025\/11\/IMG_0806-1538x2048.jpeg 1538w, https:\/\/www.grundschule-hooksiel.de\/wordpress\/wp-content\/uploads\/2025\/11\/IMG_0806-903x1203.jpeg 903w, https:\/\/www.grundschule-hooksiel.de\/wordpress\/wp-content\/uploads\/2025\/11\/IMG_0806-scaled.jpeg 1922w\" sizes=\"auto, (max-width: 769px) 100vw, 769px\" \/><\/a><\/figure>\n\n\n\n<figure class=\"wp-block-image size-large\"><a href=\"https:\/\/www.grundschule-hooksiel.de\/wordpress\/wp-content\/uploads\/2025\/11\/IMG_0807-scaled.jpeg\"><img loading=\"lazy\" decoding=\"async\" width=\"769\" height=\"1024\" data-id=\"2427\" src=\"https:\/\/www.grundschule-hooksiel.de\/wordpress\/wp-content\/uploads\/2025\/11\/IMG_0807-769x1024.jpeg\" alt=\"\" class=\"wp-image-2427\" srcset=\"https:\/\/www.grundschule-hooksiel.de\/wordpress\/wp-content\/uploads\/2025\/11\/IMG_0807-769x1024.jpeg 769w, https:\/\/www.grundschule-hooksiel.de\/wordpress\/wp-content\/uploads\/2025\/11\/IMG_0807-225x300.jpeg 225w, https:\/\/www.grundschule-hooksiel.de\/wordpress\/wp-content\/uploads\/2025\/11\/IMG_0807-768x1023.jpeg 768w, https:\/\/www.grundschule-hooksiel.de\/wordpress\/wp-content\/uploads\/2025\/11\/IMG_0807-1153x1536.jpeg 1153w, https:\/\/www.grundschule-hooksiel.de\/wordpress\/wp-content\/uploads\/2025\/11\/IMG_0807-1538x2048.jpeg 1538w, https:\/\/www.grundschule-hooksiel.de\/wordpress\/wp-content\/uploads\/2025\/11\/IMG_0807-903x1203.jpeg 903w, https:\/\/www.grundschule-hooksiel.de\/wordpress\/wp-content\/uploads\/2025\/11\/IMG_0807-scaled.jpeg 1922w\" sizes=\"auto, (max-width: 769px) 100vw, 769px\" \/><\/a><\/figure>\n\n\n\n<figure class=\"wp-block-image size-large\"><a href=\"https:\/\/www.grundschule-hooksiel.de\/wordpress\/wp-content\/uploads\/2025\/11\/IMG_0808-scaled.jpeg\"><img loading=\"lazy\" decoding=\"async\" width=\"769\" height=\"1024\" data-id=\"2426\" src=\"https:\/\/www.grundschule-hooksiel.de\/wordpress\/wp-content\/uploads\/2025\/11\/IMG_0808-769x1024.jpeg\" alt=\"\" class=\"wp-image-2426\" srcset=\"https:\/\/www.grundschule-hooksiel.de\/wordpress\/wp-content\/uploads\/2025\/11\/IMG_0808-769x1024.jpeg 769w, https:\/\/www.grundschule-hooksiel.de\/wordpress\/wp-content\/uploads\/2025\/11\/IMG_0808-225x300.jpeg 225w, https:\/\/www.grundschule-hooksiel.de\/wordpress\/wp-content\/uploads\/2025\/11\/IMG_0808-768x1023.jpeg 768w, https:\/\/www.grundschule-hooksiel.de\/wordpress\/wp-content\/uploads\/2025\/11\/IMG_0808-1153x1536.jpeg 1153w, https:\/\/www.grundschule-hooksiel.de\/wordpress\/wp-content\/uploads\/2025\/11\/IMG_0808-1538x2048.jpeg 1538w, https:\/\/www.grundschule-hooksiel.de\/wordpress\/wp-content\/uploads\/2025\/11\/IMG_0808-903x1203.jpeg 903w, https:\/\/www.grundschule-hooksiel.de\/wordpress\/wp-content\/uploads\/2025\/11\/IMG_0808-scaled.jpeg 1922w\" sizes=\"auto, (max-width: 769px) 100vw, 769px\" \/><\/a><\/figure>\n\n\n\n<figure class=\"wp-block-image size-large\"><a href=\"https:\/\/www.grundschule-hooksiel.de\/wordpress\/wp-content\/uploads\/2025\/11\/IMG_7669-scaled.jpeg\"><img loading=\"lazy\" decoding=\"async\" width=\"768\" height=\"1024\" data-id=\"2428\" src=\"https:\/\/www.grundschule-hooksiel.de\/wordpress\/wp-content\/uploads\/2025\/11\/IMG_7669-768x1024.jpeg\" alt=\"\" class=\"wp-image-2428\" srcset=\"https:\/\/www.grundschule-hooksiel.de\/wordpress\/wp-content\/uploads\/2025\/11\/IMG_7669-768x1024.jpeg 768w, https:\/\/www.grundschule-hooksiel.de\/wordpress\/wp-content\/uploads\/2025\/11\/IMG_7669-225x300.jpeg 225w, https:\/\/www.grundschule-hooksiel.de\/wordpress\/wp-content\/uploads\/2025\/11\/IMG_7669-1152x1536.jpeg 1152w, https:\/\/www.grundschule-hooksiel.de\/wordpress\/wp-content\/uploads\/2025\/11\/IMG_7669-1536x2048.jpeg 1536w, https:\/\/www.grundschule-hooksiel.de\/wordpress\/wp-content\/uploads\/2025\/11\/IMG_7669-903x1204.jpeg 903w, https:\/\/www.grundschule-hooksiel.de\/wordpress\/wp-content\/uploads\/2025\/11\/IMG_7669-scaled.jpeg 1920w\" sizes=\"auto, (max-width: 768px) 100vw, 768px\" \/><\/a><\/figure>\n\n\n\n<figure class=\"wp-block-image size-large\"><a href=\"https:\/\/www.grundschule-hooksiel.de\/wordpress\/wp-content\/uploads\/2025\/11\/IMG_7677-scaled.jpeg\"><img loading=\"lazy\" decoding=\"async\" width=\"768\" height=\"1024\" data-id=\"2429\" src=\"https:\/\/www.grundschule-hooksiel.de\/wordpress\/wp-content\/uploads\/2025\/11\/IMG_7677-768x1024.jpeg\" alt=\"\" class=\"wp-image-2429\" srcset=\"https:\/\/www.grundschule-hooksiel.de\/wordpress\/wp-content\/uploads\/2025\/11\/IMG_7677-768x1024.jpeg 768w, https:\/\/www.grundschule-hooksiel.de\/wordpress\/wp-content\/uploads\/2025\/11\/IMG_7677-225x300.jpeg 225w, https:\/\/www.grundschule-hooksiel.de\/wordpress\/wp-content\/uploads\/2025\/11\/IMG_7677-1152x1536.jpeg 1152w, https:\/\/www.grundschule-hooksiel.de\/wordpress\/wp-content\/uploads\/2025\/11\/IMG_7677-1536x2048.jpeg 1536w, https:\/\/www.grundschule-hooksiel.de\/wordpress\/wp-content\/uploads\/2025\/11\/IMG_7677-903x1204.jpeg 903w, https:\/\/www.grundschule-hooksiel.de\/wordpress\/wp-content\/uploads\/2025\/11\/IMG_7677-scaled.jpeg 1920w\" sizes=\"auto, (max-width: 768px) 100vw, 768px\" \/><\/a><\/figure>\n<\/figure>\n","protected":false},"excerpt":{"rendered":"<p>Am diesj\u00e4hrigen deutschlandweiten Vorlesetag verwandelte sich die Grundschule Hooksiel erneut in ein Haus voller Geschichten, spannender Figuren und neugieriger Zuh\u00f6rer. Ein besonderes Highlight war der Besuch der Autorin Bettina G\u00f6schel, die den Kindern aus ihren eigenen B\u00fcchern vorlas und sie mitnahm in die fantasievollen Welten ihrer Geschichten. Doch auch viele weitere B\u00fccher fanden an diesem &hellip; <\/p>\n<p><a class=\"more-link btn\" href=\"https:\/\/www.grundschule-hooksiel.de\/wordpress\/2025\/11\/26\/vorlesetag-2025-an-der-grundschule-hochsiel-ein-tag-voller-geschichten\/\">Weiterlesen<\/a><\/p>\n","protected":false},"author":4,"featured_media":2425,"comment_status":"closed","ping_status":"closed","sticky":false,"template":"","format":"standard","meta":{"ngg_post_thumbnail":0,"footnotes":""},"categories":[1],"tags":[],"class_list":["post-2422","post","type-post","status-publish","format-standard","has-post-thumbnail","hentry","category-allgemein","nodate","item-wrap"],"_links":{"self":[{"href":"https:\/\/www.grundschule-hooksiel.de\/wordpress\/wp-json\/wp\/v2\/posts\/2422","targetHints":{"allow":["GET"]}}],"collection":[{"href":"https:\/\/www.grundschule-hooksiel.de\/wordpress\/wp-json\/wp\/v2\/posts"}],"about":[{"href":"https:\/\/www.grundschule-hooksiel.de\/wordpress\/wp-json\/wp\/v2\/types\/post"}],"author":[{"embeddable":true,"href":"https:\/\/www.grundschule-hooksiel.de\/wordpress\/wp-json\/wp\/v2\/users\/4"}],"replies":[{"embeddable":true,"href":"https:\/\/www.grundschule-hooksiel.de\/wordpress\/wp-json\/wp\/v2\/comments?post=2422"}],"version-history":[{"count":1,"href":"https:\/\/www.grundschule-hooksiel.de\/wordpress\/wp-json\/wp\/v2\/posts\/2422\/revisions"}],"predecessor-version":[{"id":2430,"href":"https:\/\/www.grundschule-hooksiel.de\/wordpress\/wp-json\/wp\/v2\/posts\/2422\/revisions\/2430"}],"wp:featuredmedia":[{"embeddable":true,"href":"https:\/\/www.grundschule-hooksiel.de\/wordpress\/wp-json\/wp\/v2\/media\/2425"}],"wp:attachment":[{"href":"https:\/\/www.grundschule-hooksiel.de\/wordpress\/wp-json\/wp\/v2\/media?parent=2422"}],"wp:term":[{"taxonomy":"category","embeddable":true,"href":"https:\/\/www.grundschule-hooksiel.de\/wordpress\/wp-json\/wp\/v2\/categories?post=2422"},{"taxonomy":"post_tag","embeddable":true,"href":"https:\/\/www.grundschule-hooksiel.de\/wordpress\/wp-json\/wp\/v2\/tags?post=2422"}],"curies":[{"name":"wp","href":"https:\/\/api.w.org\/{rel}","templated":true}]}}